{"id":1259,"date":"2024-03-19T11:41:53","date_gmt":"2024-03-19T11:41:53","guid":{"rendered":"http:\/\/kuenstlerhof-schreyahn.de\/?p=1259"},"modified":"2026-04-15T08:06:38","modified_gmt":"2026-04-15T08:06:38","slug":"04-04-2024-um-1930-uhr-carmen-francesca-bianciu-liest-aus-ihrem-aktuellen-roman-ilsebill-salzt-nach-ein-briefroman","status":"publish","type":"post","link":"http:\/\/kuenstlerhof-schreyahn.de\/?p=1259","title":{"rendered":"04.04.2024 um 19:30 Uhr: Carmen-Francesca Bianciu liest aus ihrem aktuellen Roman &#8222;Ilsebill salzt nach. Ein Briefroman&#8220;"},"content":{"rendered":"\n<div class=\"wp-block-media-text alignwide is-stacked-on-mobile\" style=\"grid-template-columns:38% auto\"><figure class=\"wp-block-media-text__media\"><img loading=\"lazy\" decoding=\"async\" width=\"335\" height=\"471\" src=\"http:\/\/kuenstlerhof-schreyahn.de\/wp-content\/uploads\/2024\/03\/Buchbild-1.jpg\" alt=\"Plakat zur Buchvorstellung von 'Ilsebill salzt nach' mit Angaben zu Lesung, Klavier, Datum, Uhrzeit, Ort und beteiligten Personen\" class=\"wp-image-1261 size-full\" srcset=\"http:\/\/kuenstlerhof-schreyahn.de\/wp-content\/uploads\/2024\/03\/Buchbild-1.jpg 335w, http:\/\/kuenstlerhof-schreyahn.de\/wp-content\/uploads\/2024\/03\/Buchbild-1-213x300.jpg 213w\" sizes=\"auto, (max-width: 335px) 100vw, 335px\" \/><\/figure><div class=\"wp-block-media-text__content\">\n<p class=\"has-large-font-size\"><strong>Herzliche Einladung in den<\/strong> <strong>K\u00fcnstlerhof Schreyahn<\/strong><\/p>\n\n\n\n<p class=\"has-normal-font-size\"><strong>Carmen-Francesca Bianciu liest aus ihrem aktuellen Roman &#8222;Ilsebill salzt nach. Ein Briefroman&#8220;<\/strong><\/p>\n\n\n\n<p class=\"has-normal-font-size\"><strong>Lesung mit Gespr\u00e4ch und Improvisation auf dem Fl\u00fcgel mit derzeitigen Stipendiaten.<br>Moderation: Britta Gansebohm<\/strong><\/p>\n\n\n\n<p class=\"has-normal-font-size\"><strong>Ort:<\/strong> K\u00fcnstlerhof Schreyahn, Rundling 19, 29462 Wustrow<br><\/p>\n<\/div><\/div>\n\n\n\n<p id=\"block-de3bf35e-693c-4b44-bdb6-9d18e27772b5\"><br>Kulturbeitrag auf Spendenbasis. <\/p>\n\n\n\n<p id=\"block-26abc21c-2c62-437f-9cb3-fb4bf55014fc\">Da die Pl\u00e4tze begrenzt sind, wird eine Anmeldung empfohlen unter <a href=\"mailto:info@salonkultur.de\">info@salonkultur.de<\/a><\/p>\n\n\n\n<!--more-->\n\n\n\n<ul style=\"background-color:#ffdedf\" id=\"block-39785f8f-2f51-4e7a-9c6c-4c55ff404d2a\" class=\"wp-block-list has-background\">\n<li>Parkpl\u00e4tze werden direkt nebenan auf dem Hof des Nachbarn Hans-J\u00fcrgen Oelke zur Verf\u00fcgung gestellt. Bitte nicht im Rundling auf Rasenfl\u00e4chen parken.<\/li>\n\n\n\n<li>Getr\u00e4nke, Kaffee &amp; Kuchen, Salzgeb\u00e4ck und regional-saisonale Suppe auf Spendenbasis<\/li>\n\n\n\n<li>Der K\u00fcnstlerhof Schreyahn ist barrierefrei<\/li>\n\n\n\n<li>B\u00fcchertisch vor Ort &#8222;Buch und Musik&#8220; aus Hitzacker <\/li>\n<\/ul>\n\n\n\n<p><\/p>\n\n\n\n<p class=\"has-vivid-purple-color has-text-color\"><strong>Briefe an G\u00fcnter Grass<\/strong><\/p>\n\n\n\n<p class=\"has-vivid-purple-color has-text-color\"><strong>Ilsebill salzt nach. Carmen-Francesca Banciu schreibt Briefe aus Wewelsfleth<\/strong><\/p>\n\n\n\n<div class=\"wp-block-media-text alignwide has-media-on-the-right is-stacked-on-mobile\" style=\"grid-template-columns:auto 31%\"><div class=\"wp-block-media-text__content\">\n<p class=\"has-text-align-left\">Sie sitzt an seinem Schreibtisch, kocht in seiner K\u00fcche, meditiert \u00fcber seine kleine Eisenpfanne \u2013 Carmen-Francesca Banciu war einen langen kalten Fr\u00fchling in Wewelsfleth, im Haus von G\u00fcnter Grass. Und stellt Fragen \u2013 an ihn und auch an sich selbst: verspielt, streng, neugierig. Und sie zieht mit einem Augenzwinkern Parallelen zwischen seinem und ihrem eigenen Leben. Entdeckt Unterschiede und Gemeinsamkeiten. Denn \u201ePl\u00f6tzlich ist er da. Ungerufen. Unabweisbar. G\u00fcnter Grass, der Hausherr von einst. Um in ihre T\u00f6pfe hineinzuschauen. W\u00e4hrend sie, gedankenverloren, in seiner K\u00fcche kocht.\u201c<\/p>\n\n\n\n<p class=\"has-text-align-left\">Damit beginnt ein fiktives Gespr\u00e4ch der Autorin Carmen-Francesca Banciu mit dem Nobelpreistr\u00e4ger, dessen Haus sie zur Zeit der Pandemie bewohnt: \u201eWarum bist Du ausgerechnet nach Wewelsfleth gezogen, an einen Ort, den kaum jemand kennt! Oder ist jeder Ort bedeutend und geheimnisvoll, sobald man ihm Neugier und Aufmerksamkeit schenkt?\u201c<\/p>\n\n\n\n<p class=\"has-text-align-left\">Und so macht sich die Briefeschreiberin auf den Weg, um das Weltdorf zu erkunden \u2013 den Friedhof, die B\u00e4ckerei, die Werft \u2013 und um die Toten und die Lebenden nach deren Geschichte zu fragen. In Kirchenb\u00fcchern zu st\u00f6bern. Fast vergessene Spuren zu entdecken. Die seltenen Fu\u00dfg\u00e4nger in den verwaisten Gassen des Dorfes anzuhalten: Haben Sie G\u00fcnter Grass gekannt?&nbsp;<\/p>\n\n\n\n<p class=\"has-text-align-left\">F\u00fcr einen Graphomanen h\u00e4lt sie ihn, bis sie selbst in seinem Arbeitszimmer, an seinem Schreibtisch sitzt, durchs Fenster auf die gegen\u00fcberliegenden Gr\u00e4ber blickt und \u00fcber den&nbsp;<em>Butt<\/em>, die unsterbliche Ilsebill oder einen tanzenden Stuhl nachdenkt. Und er in ihren Tr\u00e4umen auftaucht: \u201eHeute Nacht habe ich einen Brief bekommen. Eine Bildnachricht. Von Dir gezeichnet. Ich sitze an Deinem Schreibtisch, dort, wo Du nicht nur den&nbsp;<em>Butt<\/em>&nbsp;geschrieben hast. Ich kann mich auf dem Bild gut erkennen. Rechts von mir erahne ich Dich. Mit einem Briefumschlag in der Hand. Als Postmann verkleidet.\u201c<\/p>\n<\/div><figure class=\"wp-block-media-text__media\"><img loading=\"lazy\" decoding=\"async\" width=\"173\" height=\"291\" src=\"http:\/\/kuenstlerhof-schreyahn.de\/wp-content\/uploads\/2024\/03\/buch2.jpg\" alt=\"Buchcover mit dem Titel 'Ilsebill salzt nach Ein Briefroman' von Carmen-Francesca Banciu, zeigt einen Tisch mit verschiedenen Gegenst\u00e4nden und St\u00fchlen im Hintergrund.\" class=\"wp-image-1265 size-full\"\/><\/figure><\/div>\n\n\n\n<p class=\"has-text-align-right\">Carmen-Francesca Banciu<br><strong>Ilsebill salzt nach. Roman<br><\/strong>320 Seiten, Hardcover. ISBN: 978-3-96258-130-5.<br>PalmArtPress Berlin<br>ET: 24. April 2023<\/p>\n\n\n\n<div class=\"wp-block-media-text alignwide is-stacked-on-mobile\"><figure class=\"wp-block-media-text__media\"><img loading=\"lazy\" decoding=\"async\" width=\"700\" height=\"394\" src=\"http:\/\/kuenstlerhof-schreyahn.de\/wp-content\/uploads\/2024\/03\/CarmenFrancescaBanciu_copyright_Marijuana-Gheorghiu.jpg\" alt=\"Portr\u00e4t einer Person mit lockigem Haar, die den Kopf auf die Hand st\u00fctzt\" class=\"wp-image-1263 size-full\" srcset=\"http:\/\/kuenstlerhof-schreyahn.de\/wp-content\/uploads\/2024\/03\/CarmenFrancescaBanciu_copyright_Marijuana-Gheorghiu.jpg 700w, http:\/\/kuenstlerhof-schreyahn.de\/wp-content\/uploads\/2024\/03\/CarmenFrancescaBanciu_copyright_Marijuana-Gheorghiu-300x169.jpg 300w\" sizes=\"auto, (max-width: 700px) 100vw, 700px\" \/><\/figure><div class=\"wp-block-media-text__content\">\n<p class=\"has-normal-font-size\"> <strong>Die Autorin<\/strong><br>Im rum\u00e4nischen Lipova geboren, studierte Kirchenmalerei und Au\u00dfenhandel in Bukarest. Sie kam 1991 nach Deutschland auf Einladung des K\u00fcnstlerprogramms des DAAD. Seit 1992 lebt sie als freie Autorin in Berlin, schreibt Beitr\u00e4ge f\u00fcr Rundfunk und Zeitungen, leitet Seminare f\u00fcr Kreativit\u00e4t und kreatives Schreiben. Seit 2013 ist sie Mitherausgeberin und stellvertretende Direktorin des transnationalen, interdisziplin\u00e4ren und mehrsprachigen e-Magazins&nbsp;<em>Levure&nbsp;Litt\u00e9raire<\/em>. Banciu erhielt zahlreiche Preise und Stipendien, zuletzt wurde der Roman&nbsp;<strong><em>Lebt wohl, Ihr Genossen und Geliebten!<\/em><\/strong>&nbsp;f\u00fcr den Deutschen Buchpreis nominiert. Ihre Texte wurden in mehrere Sprachen \u00fcbersetzt. F\u00fcr 2024 erhielt sie ein Stipendium am K\u00fcnstlerhof Schreyahn (Niedersachen). <\/p>\n<\/div><\/div>\n\n\n\n<div class=\"wp-block-media-text alignwide has-media-on-the-right is-stacked-on-mobile\"><div class=\"wp-block-media-text__content\">\n<p class=\"has-normal-font-size\"><strong>Romeo Wecks<\/strong>, geboren 1994 in Berlin, absolvierte sein Bachelor- und Masterstudium in Komposition an der Hochschule f\u00fcr Musik &#8222;Franz Liszt&#8220; in Weimar. Danach studierte er im Meisterklassenstudium bei Prof. Robert HP Platz an der Hochschule f\u00fcr Musik in W\u00fcrzburg. 2023 absolvierte er sein Studium mit der Note magna cum laude. Romeo Wecks&#8216; Musik zeichnet sich durch eine assoziative Klangsprache aus, die mit existenziellen Fragen im Dialog steht. &nbsp;Seine Kompositionen wurden mehrfach bei Wettbewerben ausgezeichnet. Er erhielt unter anderem den 1. Preis beim Sondersh\u00e4user Kompositionswettbewerb 2018 und den 3. Preis beim Joseph Reinl Kompositionspreis 2018 in Wien (\u00d6sterreich). Im Jahr 2020 wurde er mit dem 1. Preis beim KWIDZYN CLASSICAL MUSIC AWARD (Polen) ausgezeichnet und im Jahr 2021 gewann er erneut den 1. Preis beim Sondersh\u00e4user Kompositionswettbewerb. Zuletzt gewann er 2022 den Kompositionswettbewerb des Kammermusik! Festivals in W\u00fcrzburg. Derzeit ist Romeo Wecks als freischaffender Komponist, Pianist und Dirigent t\u00e4tig. F\u00fcr 2024\/25 erhielt er ein Stipendium am K\u00fcnstlerhof Schreyahn (Niedersachen). <\/p>\n<\/div><figure class=\"wp-block-media-text__media\"><img loading=\"lazy\" decoding=\"async\" width=\"1024\" height=\"842\" src=\"http:\/\/kuenstlerhof-schreyahn.de\/wp-content\/uploads\/2024\/03\/Romeo-Wecks-in-Schreyahn_Fenster_re-1600-1024x842.jpg\" alt=\"Person lehnt aus einem ge\u00f6ffneten Fenster eines Backsteingeb\u00e4udes\" class=\"wp-image-1264 size-full\" srcset=\"http:\/\/kuenstlerhof-schreyahn.de\/wp-content\/uploads\/2024\/03\/Romeo-Wecks-in-Schreyahn_Fenster_re-1600-1024x842.jpg 1024w, http:\/\/kuenstlerhof-schreyahn.de\/wp-content\/uploads\/2024\/03\/Romeo-Wecks-in-Schreyahn_Fenster_re-1600-300x247.jpg 300w, http:\/\/kuenstlerhof-schreyahn.de\/wp-content\/uploads\/2024\/03\/Romeo-Wecks-in-Schreyahn_Fenster_re-1600-768x631.jpg 768w, http:\/\/kuenstlerhof-schreyahn.de\/wp-content\/uploads\/2024\/03\/Romeo-Wecks-in-Schreyahn_Fenster_re-1600-1536x1262.jpg 1536w, http:\/\/kuenstlerhof-schreyahn.de\/wp-content\/uploads\/2024\/03\/Romeo-Wecks-in-Schreyahn_Fenster_re-1600.jpg 1600w\" sizes=\"auto, (max-width: 1024px) 100vw, 1024px\" \/><\/figure><\/div>\n\n\n<p style=\"text-align: right;\">Foto von Romeo Weck; Copyright: Marta Kowalczuk&nbsp;<\/p>\n\n\n<p><strong>Weitere Informationen<\/strong><\/p>\n\n\n\n<p>Die Autorin Carmen-Francesca Banciu steht im Fokus des WDR und der Berliner Zeitung mit ihrem Buch. <\/p>\n\n\n\n<p><a href=\"https:\/\/www1.wdr.de\/radio\/wdr5\/sendungen\/buecher\/autor-im-gespraech\/carmen-francesca-banciu-100.html\">https:\/\/www1.wdr.de\/radio\/wdr5\/sendungen\/buecher\/autor-im-gespraech\/carmen-francesca-banciu-100.html<\/a><\/p>\n\n\n\n<p><a href=\"https:\/\/www.berliner-zeitung.de\/kultur-vergnuegen\/literatur\/ilsebill-salzte-nach-carmen-francesca-banciu-ist-dem-geist-von-guenter-grass-begegnet-li.2166870\">https:\/\/www.berliner-zeitung.de\/kultur-vergnuegen\/literatur\/ilsebill-salzte-nach-carmen-francesca-banciu-ist-dem-geist-von-guenter-grass-begegnet-li.2166870<\/a><\/p>\n\n\n\n<p><\/p>\n\n\n\n<p><strong>Kontakt f\u00fcr R\u00fcckfragen: Britta Gansebohm<\/strong><\/p>\n\n\n\n<p><strong>K\u00fcnstlerische Leitung der Stipendiatenst\u00e4tte K\u00fcnstlerhof Schreyahn<\/strong><\/p>\n\n\n\n<p>&amp; Der Literarische Salon<\/p>\n\n\n\n<p>Buchpr\u00e4sentationen \u2022&nbsp;Literaturfestivals<\/p>\n\n\n\n<p>Konzeption \u2022&nbsp;Organisation \u2022&nbsp;Moderation<\/p>\n\n\n\n<p>Mobil: +49-(0)175-52 70 777<\/p>\n\n\n\n<p>E-Mail:&nbsp;<a href=\"mailto:britta.gansebohm@salonkultur.de\">britta.gansebohm@salonkultur.de<\/a><\/p>\n\n\n\n<p>Info:&nbsp;<a href=\"http:\/\/kuenstlerhof-schreyahn.de\/\">kuenstlerhof-schreyahn.de<\/a><\/p>\n","protected":false},"excerpt":{"rendered":"<p>Herzliche Einladung in den K\u00fcnstlerhof Schreyahn Carmen-Francesca Bianciu liest aus ihrem aktuellen Roman &#8222;Ilsebill salzt nach. Ein Briefroman&#8220; Lesung mit Gespr\u00e4ch und Improvisation auf dem Fl\u00fcgel mit derzeitigen Stipendiaten.Moderation: Britta Gansebohm Ort: K\u00fcnstlerhof Schreyahn, Rundling 19, 29462 Wustrow Kulturbeitrag auf Spendenbasis. Da die Pl\u00e4tze begrenzt sind, wird eine Anmeldung empfohlen unter info@salonkultur.de<\/p>\n","protected":false},"author":9,"featured_media":0,"comment_status":"closed","ping_status":"open","sticky":false,"template":"","format":"standard","meta":{"footnotes":""},"categories":[3],"tags":[],"class_list":["post-1259","post","type-post","status-publish","format-standard","hentry","category-lesung"],"_links":{"self":[{"href":"http:\/\/kuenstlerhof-schreyahn.de\/index.php?rest_route=\/wp\/v2\/posts\/1259","targetHints":{"allow":["GET"]}}],"collection":[{"href":"http:\/\/kuenstlerhof-schreyahn.de\/index.php?rest_route=\/wp\/v2\/posts"}],"about":[{"href":"http:\/\/kuenstlerhof-schreyahn.de\/index.php?rest_route=\/wp\/v2\/types\/post"}],"author":[{"embeddable":true,"href":"http:\/\/kuenstlerhof-schreyahn.de\/index.php?rest_route=\/wp\/v2\/users\/9"}],"replies":[{"embeddable":true,"href":"http:\/\/kuenstlerhof-schreyahn.de\/index.php?rest_route=%2Fwp%2Fv2%2Fcomments&post=1259"}],"version-history":[{"count":5,"href":"http:\/\/kuenstlerhof-schreyahn.de\/index.php?rest_route=\/wp\/v2\/posts\/1259\/revisions"}],"predecessor-version":[{"id":1779,"href":"http:\/\/kuenstlerhof-schreyahn.de\/index.php?rest_route=\/wp\/v2\/posts\/1259\/revisions\/1779"}],"wp:attachment":[{"href":"http:\/\/kuenstlerhof-schreyahn.de\/index.php?rest_route=%2Fwp%2Fv2%2Fmedia&parent=1259"}],"wp:term":[{"taxonomy":"category","embeddable":true,"href":"http:\/\/kuenstlerhof-schreyahn.de\/index.php?rest_route=%2Fwp%2Fv2%2Fcategories&post=1259"},{"taxonomy":"post_tag","embeddable":true,"href":"http:\/\/kuenstlerhof-schreyahn.de\/index.php?rest_route=%2Fwp%2Fv2%2Ftags&post=1259"}],"curies":[{"name":"wp","href":"https:\/\/api.w.org\/{rel}","templated":true}]}}