{"id":1281,"date":"2024-04-19T11:59:19","date_gmt":"2024-04-19T11:59:19","guid":{"rendered":"http:\/\/kuenstlerhof-schreyahn.de\/?p=1281"},"modified":"2026-04-15T08:04:05","modified_gmt":"2026-04-15T08:04:05","slug":"25-05-2024-um-1600-uhr-arno-surminski-liest-aus-seinem-aktuellen-buch-als-die-stadt-brannte-erzaehlungen-gegen-den-krieg","status":"publish","type":"post","link":"http:\/\/kuenstlerhof-schreyahn.de\/?p=1281","title":{"rendered":"25.05.2024 um 16:00 Uhr: Arno Surminski liest aus seinem aktuellen Buch \u201eAls die Stadt brannte. Erz\u00e4hlungen gegen den Krieg\u201c"},"content":{"rendered":"\n<p>(Ellert &amp; Richter; 24. Januar 2024)<\/p>\n\n\n\n<div class=\"wp-block-media-text alignwide is-stacked-on-mobile\" style=\"grid-template-columns:30% auto\"><figure class=\"wp-block-media-text__media\"><img loading=\"lazy\" decoding=\"async\" width=\"702\" height=\"1024\" src=\"http:\/\/kuenstlerhof-schreyahn.de\/wp-content\/uploads\/2024\/04\/Surminski_Als-die-Stadt-brannte_3D-702x1024.jpg\" alt=\"Buchcover mit einem Foto von zerst\u00f6rten Geb\u00e4uden und Tr\u00fcmmern in einer Stadt\" class=\"wp-image-1283 size-full\" srcset=\"http:\/\/kuenstlerhof-schreyahn.de\/wp-content\/uploads\/2024\/04\/Surminski_Als-die-Stadt-brannte_3D-702x1024.jpg 702w, http:\/\/kuenstlerhof-schreyahn.de\/wp-content\/uploads\/2024\/04\/Surminski_Als-die-Stadt-brannte_3D-206x300.jpg 206w, http:\/\/kuenstlerhof-schreyahn.de\/wp-content\/uploads\/2024\/04\/Surminski_Als-die-Stadt-brannte_3D-768x1121.jpg 768w, http:\/\/kuenstlerhof-schreyahn.de\/wp-content\/uploads\/2024\/04\/Surminski_Als-die-Stadt-brannte_3D.jpg 1014w\" sizes=\"auto, (max-width: 702px) 100vw, 702px\" \/><\/figure><div class=\"wp-block-media-text__content\">\n<p class=\"has-large-font-size\" id=\"block-ed22ec74-f114-45c6-980f-3a495f3a2ba3\"><strong>Herzliche Einladung<br>75 Jahre Grundgesetz<\/strong><\/p>\n\n\n\n<p><strong>Lesung &amp; Gespr\u00e4ch<\/strong><br><strong>Moderation: <\/strong>Britta Gansebohm<\/p>\n\n\n\n<p id=\"block-1132fec7-2464-4883-89c0-409a19482d86\"><strong>Ort: K\u00fcnstlerhof Schreyahn, Rundling 19, 29462 Wustrow<\/strong><\/p>\n\n\n\n<p class=\"has-text-color\" id=\"block-74df4488-eaca-4eae-a1db-df2f70d686d8\" style=\"color:#035788\"><strong>Kulturbeitrag: 10 Euro \/ erm\u00e4\u00dfigt 5 Euro<\/strong><\/p>\n\n\n\n<p id=\"block-4f602cd8-9cea-4369-a7c4-780137ba96fe\">Da die Pl\u00e4tze begrenzt sind, wird eine Anmeldung empfohlen unter <a href=\"mailto:britta.gansebohm@salonkultur.de\"><\/a><a href=\"mailto:info@salonkultur.de\">info@salonkultur.de<\/a><\/p>\n<\/div><\/div>\n\n\n\n<!--more-->\n\n\n\n<p><p id=\"block-58fdd1ad-3f09-4094-a49a-3084223cc721\">\ufeff<\/p><\/p>\n\n\n\n<ul id=\"block-37b5b931-d35c-4462-8a84-fa98d2ec4369\" class=\"wp-block-list\">\n<li>Parkpl\u00e4tze werden direkt nebenan auf dem Hof des Nachbarn Hans-J\u00fcrgen Oelke zur Verf\u00fcgung gestellt. Bitte nicht im Rundling auf Rasenfl\u00e4chen parken.<\/li>\n\n\n\n<li>Getr\u00e4nke, Kaffee &amp; Kuchen, Salzgeb\u00e4ck und regional-saisonale Suppe auf Spendenbasis &nbsp;<\/li>\n\n\n\n<li>Der K\u00fcnstlerhof Schreyahn ist barrierefrei<\/li>\n\n\n\n<li>B\u00fcchertisch: Buch und Musik, Hitzacker&nbsp;&nbsp;<\/li>\n<\/ul>\n\n\n\n<div class=\"wp-block-media-text alignwide has-media-on-the-right is-stacked-on-mobile\" style=\"grid-template-columns:auto 35%\"><div class=\"wp-block-media-text__content\">\n<p class=\"has-normal-font-size\"><strong>Am 23. Mai 2024 wird unser Grundgesetz 75 Jahre alt.<\/strong><\/p>\n\n\n\n<p class=\"has-normal-font-size\">Nach den leidvollen Erlebnissen des II. Weltkrieges und den Erfahrungen eines totalit\u00e4ren Regimes im Nationalsozialismus ist unser Grundgesetz in achtsamer sowie pr\u00e4ziser Spracharbeit von 65 Menschen, dem Parlamentarischen Rat, verschriftlicht worden.<\/p>\n\n\n\n<p class=\"has-normal-font-size\"><strong>Pr\u00e4ambel des Grundgesetzes in der Fassung des Einigungsvertrages (1990):<\/strong><br> \u201eIm Bewusstsein seiner Verantwortung vor Gott und den Menschen, von dem Willen beseelt, als gleichberechtigtes Glied in einem vereinten Europa dem Frieden der Welt zu dienen, hat sich das Deutsche Volk kraft seiner verfassungsgebenden Gewalt dieses Grundgesetz gegeben.\u201c<\/p>\n<\/div><figure class=\"wp-block-media-text__media\"><img loading=\"lazy\" decoding=\"async\" width=\"330\" height=\"402\" src=\"http:\/\/kuenstlerhof-schreyahn.de\/wp-content\/uploads\/2024\/04\/Grundgesetz.jpg\" alt=\"Auszug aus dem Grundgesetz f\u00fcr die Bundesrepublik Deutschland vom 23.05.1949\" class=\"wp-image-1286 size-full\" srcset=\"http:\/\/kuenstlerhof-schreyahn.de\/wp-content\/uploads\/2024\/04\/Grundgesetz.jpg 330w, http:\/\/kuenstlerhof-schreyahn.de\/wp-content\/uploads\/2024\/04\/Grundgesetz-246x300.jpg 246w, http:\/\/kuenstlerhof-schreyahn.de\/wp-content\/uploads\/2024\/04\/Grundgesetz-140x170.jpg 140w\" sizes=\"auto, (max-width: 330px) 100vw, 330px\" \/><\/figure><\/div>\n\n\n\n<p class=\"has-medium-font-size\">\u201eNie wieder Krieg!\u201c lautete der Ruf vieler Menschen nach dem Zweiten Weltkrieg.<\/p>\n\n\n\n<p><strong>Arno Surminski <\/strong>musste als elfj\u00e4hriger Junge 1945 Ostpreu\u00dfen verlassen, seine Eltern wurden in die Sowjetunion deportiert, wo sie sp\u00e4ter starben. Sein literarisches Werk ist gepr\u00e4gt von Auss\u00f6hnung und einer Erinnerungskultur, die den Menschen in den Mittelpunkt stellt.<br>Die neuen Erz\u00e4hlungen \u201eAls die Stadt brannte\u201c stehen beispielhaft daf\u00fcr, was Literatur angesichts von Kriegsterror und Vertreibung zeigen kann: die vielen Facetten des Leids, das so viele ertragen m\u00fcssen. Arno Surminski schreibt: \u201eEs gibt nicht mehr viele Menschen, die den Zweiten Weltkrieg erlebt und durchlitten haben. Bevor die letzten Zeugen verstummen, sollten sie aufschreiben, was sie zu sagen haben.\u201c<\/p>\n\n\n\n<div class=\"wp-block-media-text alignwide is-stacked-on-mobile\" style=\"grid-template-columns:33% auto\"><figure class=\"wp-block-media-text__media\"><\/figure><div class=\"wp-block-media-text__content\">\n<p><strong><strong>Arno Surminski<\/strong><\/strong>, geboren am 20. August 1934 in J\u00e4glack (Ostpreu\u00dfen) als Sohn eines Stellmachers, blieb nach der Deportation seiner Eltern 1945 allein zur\u00fcck. Nach Aufenthalten in Lagern wurde er 1947 in Schleswig-Holstein von einer Familie mit sechs Kindern aufgenommen. Im Anschluss an eine Lehre in einem Rechtsanwaltsb\u00fcro und zweij\u00e4hriger Arbeit in kanadischen Holzf\u00e4llercamps ist er seit 1962 in Hamburg ans\u00e4ssig. Zehn Jahre war er in der Rechtsabteilung eines Versicherungsunternehmens t\u00e4tig, danach freiberuflich als Fachjournalist f\u00fcr Wirtschafts- und Versicherungsfragen.<\/p>\n<\/div><\/div>\n\n\n\n<p><strong>Ver\u00f6ffentlichungen u.a.:<\/strong> \u00abJokehnen oder Wie lange f\u00e4hrt man von Ostpreu\u00dfen nach Deutschland?\u00bb, \u00abAus dem Nest gefallen\u00bb, \u00abKudenow oder An fremden Wassern weinen\u00bb, \u00abWie K\u00f6nigsberg im Winter\u00bb, \u00abPolninken oder Eine deutsche Liebe\u00bb, \u00abGewitter im Januar\u00bb, \u00abMalojawind\u00bb, \u00abGrunowen oder Das vergangene Leben\u00bb, \u00abAm dunklen Ende des Regenbogens\u00bb und \u00abDie Reise nach Nikolaiken\u00bb.<\/p>\n\n\n\n<p>Im Ellert &amp; Richter Verlag lieferbare Werke des Autors: \u201eDas alte Ostpreu\u00dfen&#8220;, \u201eAls der Krieg zu Ende ging\u201c und \u201eWinter F\u00fcnfundvierzig\u201c.<\/p>\n\n\n\n<p class=\"has-medium-font-size\"><strong>Kontakt:<\/strong><\/p>\n\n\n\n<p><strong>Britta Gansebohm<\/strong><\/p>\n\n\n\n<p><\/p>\n\n\n\n<p id=\"block-3c1ee812-5419-4296-bd0f-851c67a17022\"><strong>K\u00fcnstlerische Leitung der Stipendiatenst\u00e4tte K\u00fcnstlerhof Schreyahn<\/strong><\/p>\n\n\n\n<p id=\"block-8d7d20e9-8bc0-488a-8355-23c79f495861\">&amp; Der Literarische Salon<\/p>\n\n\n\n<p id=\"block-0233cd96-21d1-4f66-948d-425877aaf02e\">Buchpr\u00e4sentationen \u2022&nbsp;Literaturfestivals<\/p>\n\n\n\n<p id=\"block-54b1ed20-ea92-4617-8501-29fd0c19f4a1\">Konzeption \u2022&nbsp;Organisation \u2022&nbsp;Moderation<\/p>\n\n\n\n<p id=\"block-f6df5f63-1162-475e-8cea-2b451b806963\">Mobil: +49-(0)175-52 70 777<\/p>\n\n\n\n<p id=\"block-c94803cb-d0db-4b89-9951-1fab763e9f2e\">E-Mail: <a href=\"mailto:britta.gansebohm@salonkultur.de\">britta.gansebohm@salonkultur.de<\/a><\/p>\n\n\n\n<p id=\"block-059a6127-3914-404e-bcf0-58f102d9f0ea\">Info: <a href=\"http:\/\/kuenstlerhof-schreyahn.de\/\">kuenstlerhof-schreyahn.de<\/a><\/p>\n\n\n\n<p><\/p>\n","protected":false},"excerpt":{"rendered":"<p>(Ellert &amp; Richter; 24. Januar 2024) Herzliche Einladung75 Jahre Grundgesetz Lesung &amp; Gespr\u00e4chModeration: Britta Gansebohm Ort: K\u00fcnstlerhof Schreyahn, Rundling 19, 29462 Wustrow Kulturbeitrag: 10 Euro \/ erm\u00e4\u00dfigt 5 Euro Da die Pl\u00e4tze begrenzt sind, wird eine Anmeldung empfohlen unter info@salonkultur.de<\/p>\n","protected":false},"author":9,"featured_media":0,"comment_status":"closed","ping_status":"open","sticky":false,"template":"","format":"standard","meta":{"footnotes":""},"categories":[3],"tags":[],"class_list":["post-1281","post","type-post","status-publish","format-standard","hentry","category-lesung"],"_links":{"self":[{"href":"http:\/\/kuenstlerhof-schreyahn.de\/index.php?rest_route=\/wp\/v2\/posts\/1281","targetHints":{"allow":["GET"]}}],"collection":[{"href":"http:\/\/kuenstlerhof-schreyahn.de\/index.php?rest_route=\/wp\/v2\/posts"}],"about":[{"href":"http:\/\/kuenstlerhof-schreyahn.de\/index.php?rest_route=\/wp\/v2\/types\/post"}],"author":[{"embeddable":true,"href":"http:\/\/kuenstlerhof-schreyahn.de\/index.php?rest_route=\/wp\/v2\/users\/9"}],"replies":[{"embeddable":true,"href":"http:\/\/kuenstlerhof-schreyahn.de\/index.php?rest_route=%2Fwp%2Fv2%2Fcomments&post=1281"}],"version-history":[{"count":10,"href":"http:\/\/kuenstlerhof-schreyahn.de\/index.php?rest_route=\/wp\/v2\/posts\/1281\/revisions"}],"predecessor-version":[{"id":1777,"href":"http:\/\/kuenstlerhof-schreyahn.de\/index.php?rest_route=\/wp\/v2\/posts\/1281\/revisions\/1777"}],"wp:attachment":[{"href":"http:\/\/kuenstlerhof-schreyahn.de\/index.php?rest_route=%2Fwp%2Fv2%2Fmedia&parent=1281"}],"wp:term":[{"taxonomy":"category","embeddable":true,"href":"http:\/\/kuenstlerhof-schreyahn.de\/index.php?rest_route=%2Fwp%2Fv2%2Fcategories&post=1281"},{"taxonomy":"post_tag","embeddable":true,"href":"http:\/\/kuenstlerhof-schreyahn.de\/index.php?rest_route=%2Fwp%2Fv2%2Ftags&post=1281"}],"curies":[{"name":"wp","href":"https:\/\/api.w.org\/{rel}","templated":true}]}}