{"id":1919,"date":"2026-09-04T06:59:54","date_gmt":"2026-09-04T06:59:54","guid":{"rendered":"https:\/\/kuenstlerhof-schreyahn.de\/?p=1919"},"modified":"2026-09-04T06:59:54","modified_gmt":"2026-09-04T06:59:54","slug":"19-08-2026-um-1600-uhr-herzliche-einladung-zur-stipendiatenpraesentation-tausendfuesslertaenze-literarisch-musikalisches-doppel-mit-rainer-stolz-und-tobias-klich","status":"publish","type":"post","link":"http:\/\/kuenstlerhof-schreyahn.de\/?p=1919","title":{"rendered":"19.08.2026 um 16:00 Uhr: Herzliche Einladung zur Stipendiatenpr\u00e4sentation \u201etausendf\u00fc\u00dflert\u00e4nze\u201c:\u2013 Literarisch-musikalisches Doppel mit Rainer Stolz und Tobias Klich"},"content":{"rendered":"\n<div class=\"wp-block-media-text is-stacked-on-mobile\"><figure class=\"wp-block-media-text__media\"><img loading=\"lazy\" decoding=\"async\" width=\"728\" height=\"1024\" src=\"https:\/\/kuenstlerhof-schreyahn.de\/wp-content\/uploads\/2026\/09\/Tausendfuesslertaenze_StipPraesentation-19.09.26-Plakat-F_A4-728x1024.jpg\" alt=\"Plakat f\u00fcr eine Stipendiatenpr\u00e4sentation mit Lesung und Konzert am 19. September 2026 um 16 Uhr im K\u00fcnstlerhof Schreyahn. Mit Britta Gansebohm, Rainer Stolz und Tobias Klich sowie einem Foto der beiden K\u00fcnstler.\" class=\"wp-image-1920 size-full\" srcset=\"http:\/\/kuenstlerhof-schreyahn.de\/wp-content\/uploads\/2026\/09\/Tausendfuesslertaenze_StipPraesentation-19.09.26-Plakat-F_A4-728x1024.jpg 728w, http:\/\/kuenstlerhof-schreyahn.de\/wp-content\/uploads\/2026\/09\/Tausendfuesslertaenze_StipPraesentation-19.09.26-Plakat-F_A4-213x300.jpg 213w, http:\/\/kuenstlerhof-schreyahn.de\/wp-content\/uploads\/2026\/09\/Tausendfuesslertaenze_StipPraesentation-19.09.26-Plakat-F_A4-768x1080.jpg 768w, http:\/\/kuenstlerhof-schreyahn.de\/wp-content\/uploads\/2026\/09\/Tausendfuesslertaenze_StipPraesentation-19.09.26-Plakat-F_A4-1093x1536.jpg 1093w, http:\/\/kuenstlerhof-schreyahn.de\/wp-content\/uploads\/2026\/09\/Tausendfuesslertaenze_StipPraesentation-19.09.26-Plakat-F_A4-1457x2048.jpg 1457w, http:\/\/kuenstlerhof-schreyahn.de\/wp-content\/uploads\/2026\/09\/Tausendfuesslertaenze_StipPraesentation-19.09.26-Plakat-F_A4-scaled.jpg 1821w\" sizes=\"auto, (max-width: 728px) 100vw, 728px\" \/><\/figure><div class=\"wp-block-media-text__content\">\n<p><strong>Herzliche Einladung<\/strong><\/p>\n\n\n\n<p><strong>Lesung &amp; Konzert<\/strong>: Tobias Klich &amp; Rainer Stolz<br><strong>Moderation:<\/strong>\u00a0Britta Gansebohm<\/p>\n\n\n\n<p><strong>Ort: K\u00fcnstlerhof Schreyahn, Rundling 19, 29462 Wustrow<\/strong><\/p>\n\n\n\n<p><strong>Kulturbeitrag: 10 Euro \/ erm\u00e4\u00dfigt 5 Euro<\/strong><\/p>\n\n\n\n<p>Da die Pl\u00e4tze begrenzt sind, wird eine Anmeldung empfohlen unter&nbsp;<a href=\"mailto:info@salonkultur.de\">info@salonkultur.de<\/a><\/p>\n<\/div><\/div>\n\n\n\n<!--more-->\n\n\n\n<ul class=\"wp-block-list\">\n<li>Parkpl\u00e4tze werden direkt nebenan auf dem Hof der Familie Oelke zur Verf\u00fcgung gestellt. Bitte nicht im Rundling auf Rasenfl\u00e4chen parken.<\/li>\n\n\n\n<li>Getr\u00e4nke, Kaffee, Kuchen und Brot auf Spendenbasis \u00a0<\/li>\n\n\n\n<li>Der K\u00fcnstlerhof Schreyahn ist barrierefrei<\/li>\n<\/ul>\n\n\n\n<p>Zwei derzeitige Stipendiaten auf dem K\u00fcnstlerhof Schreyahn haben sich zusammengetan, um dort am Samstag, den 19. September 2026 um 16:00 Uhr ein Wechselspiel aus Musik und Lyrik zu pr\u00e4sentieren.\u00a0<\/p>\n\n\n\n<figure class=\"wp-block-image size-large\"><a href=\"https:\/\/kuenstlerhof-schreyahn.de\/wp-content\/uploads\/2026\/09\/StolzKlich-Copyright-CHEN-Chengwen-scaled.jpg\"><img loading=\"lazy\" decoding=\"async\" width=\"1024\" height=\"575\" src=\"https:\/\/kuenstlerhof-schreyahn.de\/wp-content\/uploads\/2026\/09\/StolzKlich-Copyright-CHEN-Chengwen-1024x575.jpg\" alt=\"Zwei M\u00e4nner stehen nebeneinander vor einer gr\u00fcnen Waldkulisse und schauen in die Kamera.\" class=\"wp-image-1921\" srcset=\"http:\/\/kuenstlerhof-schreyahn.de\/wp-content\/uploads\/2026\/09\/StolzKlich-Copyright-CHEN-Chengwen-1024x575.jpg 1024w, http:\/\/kuenstlerhof-schreyahn.de\/wp-content\/uploads\/2026\/09\/StolzKlich-Copyright-CHEN-Chengwen-300x168.jpg 300w, http:\/\/kuenstlerhof-schreyahn.de\/wp-content\/uploads\/2026\/09\/StolzKlich-Copyright-CHEN-Chengwen-768x431.jpg 768w, http:\/\/kuenstlerhof-schreyahn.de\/wp-content\/uploads\/2026\/09\/StolzKlich-Copyright-CHEN-Chengwen-1536x862.jpg 1536w, http:\/\/kuenstlerhof-schreyahn.de\/wp-content\/uploads\/2026\/09\/StolzKlich-Copyright-CHEN-Chengwen-2048x1150.jpg 2048w\" sizes=\"auto, (max-width: 1024px) 100vw, 1024px\" \/><\/a><\/figure>\n\n\n\n<p>Photo: \u00a9 CHEN Chengwen, <strong>honorarfrei<\/strong><\/p>\n\n\n\n<p>Die sowohl feinsinnigen als auch wagemutigen Gedichte von <strong>Rainer Stolz<\/strong> laden ein, in einem Netz gewitzter Sprach- und Wahrnehmungspfade umherzustreifen. An Bruch- und Schnittstellen des Lebens, in Seismografien sozial-\u00f6kologischen Krisengeschehens \u00f6ffnen sich Spiel- und Resonanzr\u00e4ume, dissidente Zwischenwelten. Zu h\u00f6ren sind Liebesgedichte und lyrische Gesellschaftsstudien, nature writing und Spurensuchen in Jugendkulturen und Terrains des Alterns. Stolz, geboren 1966 in Hamburg, liest Gedichte aus seinem j\u00fcngsten Band \u201efl\u00fcchtige ank\u00fcnfte\u201c (KLAK Verlag, Berlin 2024) sowie neu entstandene Lyrik.<\/p>\n\n\n\n<p>\u201ekomm kleiber, zeig uns, wie man es macht, das flugloch \/ der eigenen kleinheit anzugleichen und wie nebenbei \/ in resonanz zu sein mit dem ganzen ruinierten wald.\u201c (Rainer Stolz)<\/p>\n\n\n\n<p>Der Komponist und Gitarrist <strong>Tobias Klich<\/strong> begibt sich in einen Dialog mit den vorgetragenen Gedichten durch die Pr\u00e4sentation neuer Werke f\u00fcr Gitarre, die mit inspirierender Phantasie die Ausdrucksm\u00f6glichkeiten dieses Instruments erweitern. Auf dem Programm stehen Kompositionen von Farzia Fallah, die 2018 ebenfalls Stipendiatin im K\u00fcnstlerhof Schreyahn war sowie von Younghi Pagh-Paan und CHEN Chengwen. Die Werke sind Teil einer k\u00fcrzlich im Deutschlandfunk in K\u00f6ln aufgenommenen CD, die im kommenden Jahr erscheinen wird. Ein weiteres Werk von Anton Diabelli (1781-1858) er\u00f6ffnet zudem eine klanglich-historische Perspektive.<\/p>\n\n\n\n<p>Weitere Informationen unter: <a href=\"https:\/\/webportal.luechow-wendland.de\/enQsig\/link?id=BAgAAABb5yHlDPhxwnwAAAC2guSwRhdIQYMQHTuRV8yfTD_YFIcNfQdB6UIKL5Xm_a0zC07Jmqf49YHXDcLb1TRkw3d6wMzFHWeLeWaM05zrBM9qRh8KSlU9eRBK2XbY7dxnHDoGBhHH0IH_fBeWjO9w_WVsXHEuIGjnFilBhBOkPHevRv7HytVqsxNb0\">Protected link to rainerstolz.de<\/a> und <a href=\"https:\/\/webportal.luechow-wendland.de\/enQsig\/link?id=BAgAAABb5yHlDPhxwn0AAADL9FvZC9d6j_bKYd85Od7MVa8LU-CbC12xLln1HOUeGVckN5k0Y4t4_en8annY45pbsc2mNpAdVntc15iXPDuSjuBFAoYP7oNQXdJoY0TYGc-Le8dDVLIgl8PR150xDwai8mww1CdA_d704SlF4Oq_KI8p50-Lze8dyUQ5MQ2\">Protected link to tobiasklich.com<\/a><\/p>\n\n\n\n<p class=\"has-text-align-right\">Kontakt:<\/p>\n\n\n\n<p class=\"has-text-align-right\"><strong>Britta Gansebohm<\/strong><\/p>\n\n\n\n<p class=\"has-text-align-right\" id=\"block-3c1ee812-5419-4296-bd0f-851c67a17022\"><strong>K\u00fcnstlerische Leitung der Stipendiatenst\u00e4tte K\u00fcnstlerhof Schreyahn<\/strong><\/p>\n\n\n\n<p class=\"has-text-align-right\" id=\"block-8d7d20e9-8bc0-488a-8355-23c79f495861\">&amp; Der Literarische Salon<\/p>\n\n\n\n<p class=\"has-text-align-right\" id=\"block-0233cd96-21d1-4f66-948d-425877aaf02e\">Buchpr\u00e4sentationen \u2022&nbsp;Literaturfestivals<\/p>\n\n\n\n<p class=\"has-text-align-right\" id=\"block-54b1ed20-ea92-4617-8501-29fd0c19f4a1\">Konzeption \u2022&nbsp;Organisation \u2022&nbsp;Moderation<\/p>\n\n\n\n<p class=\"has-text-align-right\" id=\"block-f6df5f63-1162-475e-8cea-2b451b806963\">Mobil: +49-(0)175-52 70 777<\/p>\n\n\n\n<p class=\"has-text-align-right\" id=\"block-c94803cb-d0db-4b89-9951-1fab763e9f2e\">E-Mail:&nbsp;<a href=\"mailto:britta.gansebohm@salonkultur.de\">britta.gansebohm@salonkultur.de<\/a><\/p>\n\n\n\n<p class=\"has-text-align-right\" id=\"block-059a6127-3914-404e-bcf0-58f102d9f0ea\">Info:&nbsp;<a href=\"http:\/\/kuenstlerhof-schreyahn.de\/\">kuenstlerhof-schreyahn.de<\/a><\/p>\n","protected":false},"excerpt":{"rendered":"<p>Herzliche Einladung Lesung &amp; Konzert: Tobias Klich &amp; Rainer StolzModeration:\u00a0Britta Gansebohm Ort: K\u00fcnstlerhof Schreyahn, Rundling 19, 29462 Wustrow Kulturbeitrag: 10 Euro \/ erm\u00e4\u00dfigt 5 Euro Da die Pl\u00e4tze begrenzt sind, wird eine Anmeldung empfohlen unter&nbsp;info@salonkultur.de<\/p>\n","protected":false},"author":9,"featured_media":0,"comment_status":"closed","ping_status":"open","sticky":false,"template":"","format":"standard","meta":{"footnotes":""},"categories":[1],"tags":[],"class_list":["post-1919","post","type-post","status-publish","format-standard","hentry","category-allgemein"],"_links":{"self":[{"href":"http:\/\/kuenstlerhof-schreyahn.de\/index.php?rest_route=\/wp\/v2\/posts\/1919","targetHints":{"allow":["GET"]}}],"collection":[{"href":"http:\/\/kuenstlerhof-schreyahn.de\/index.php?rest_route=\/wp\/v2\/posts"}],"about":[{"href":"http:\/\/kuenstlerhof-schreyahn.de\/index.php?rest_route=\/wp\/v2\/types\/post"}],"author":[{"embeddable":true,"href":"http:\/\/kuenstlerhof-schreyahn.de\/index.php?rest_route=\/wp\/v2\/users\/9"}],"replies":[{"embeddable":true,"href":"http:\/\/kuenstlerhof-schreyahn.de\/index.php?rest_route=%2Fwp%2Fv2%2Fcomments&post=1919"}],"version-history":[{"count":1,"href":"http:\/\/kuenstlerhof-schreyahn.de\/index.php?rest_route=\/wp\/v2\/posts\/1919\/revisions"}],"predecessor-version":[{"id":1922,"href":"http:\/\/kuenstlerhof-schreyahn.de\/index.php?rest_route=\/wp\/v2\/posts\/1919\/revisions\/1922"}],"wp:attachment":[{"href":"http:\/\/kuenstlerhof-schreyahn.de\/index.php?rest_route=%2Fwp%2Fv2%2Fmedia&parent=1919"}],"wp:term":[{"taxonomy":"category","embeddable":true,"href":"http:\/\/kuenstlerhof-schreyahn.de\/index.php?rest_route=%2Fwp%2Fv2%2Fcategories&post=1919"},{"taxonomy":"post_tag","embeddable":true,"href":"http:\/\/kuenstlerhof-schreyahn.de\/index.php?rest_route=%2Fwp%2Fv2%2Ftags&post=1919"}],"curies":[{"name":"wp","href":"https:\/\/api.w.org\/{rel}","templated":true}]}}