{"id":349,"date":"2016-04-08T09:17:22","date_gmt":"2016-04-08T09:17:22","guid":{"rendered":"http:\/\/kuenstlerhof-schreyahn.de\/?p=349"},"modified":"2026-04-20T06:43:08","modified_gmt":"2026-04-20T06:43:08","slug":"kulturfruehling-schreyahn-konzert-mit-tomasz-prasqual","status":"publish","type":"post","link":"http:\/\/kuenstlerhof-schreyahn.de\/?p=349","title":{"rendered":"Kulturfr\u00fchling Schreyahn: Konzert mit Tomasz Prasqual"},"content":{"rendered":"<p><strong>Konzert &#8222;Drei Perspektiven&#8220; zeigt Arbeitsweise des vielbeachteten Virtuosen<\/strong><\/p>\n<p>Am <strong>28. Mai 2016 um 19:00 Uhr<\/strong> schlie\u00dft der Kulturfr\u00fchling Schreyahn f\u00fcr dieses Jahr: Der Komponist und Regisseur <strong>Tomasz Prasqual<\/strong>, Stipendiat des K\u00fcnstlerhofs 2015, schl\u00e4gt w\u00e4hrend seines dreiteiligen Konzertes den Bogen von Johann Sebastian Bach \u00fcber eigene Arbeiten der Zeitgen\u00f6ssischen Musik, dem Zusammenspiel mit der Oboistin Hannah Weisbach bis zu elektronischer Musik, die Prasqual f\u00fcr das Ballett INFOLIA komponiert hat. Deutschlandradio Kultur sagt \u00fcber den K\u00fcnstler: &#8222;Eine ungew\u00f6hnliche Erscheinung in der zeitgen\u00f6ssischen Musik, quer zu allen Moden, Schulen und Str\u00f6mungen: Das ist der 1981 in Polen geborene und in K\u00f6ln lebende Komponist PRASQUAL. Schon der Name &#8211; stets in Versalien und ohne Vornamen &#8211; signalisiert den Anspruch: Diese Musik bewegt sich in gro\u00dfen Dimensionen.&#8220;<\/p>\n","protected":false},"excerpt":{"rendered":"<p>Konzert &#8222;Drei Perspektiven&#8220; zeigt Arbeitsweise des vielbeachteten Virtuosen Am 28. Mai 2016 um 19:00 Uhr schlie\u00dft der Kulturfr\u00fchling Schreyahn f\u00fcr dieses Jahr: Der Komponist und Regisseur Tomasz Prasqual, Stipendiat des K\u00fcnstlerhofs 2015, schl\u00e4gt w\u00e4hrend seines dreiteiligen Konzertes den Bogen von Johann Sebastian Bach \u00fcber eigene Arbeiten der Zeitgen\u00f6ssischen Musik, dem Zusammenspiel mit der Oboistin Hannah [&hellip;]<\/p>\n","protected":false},"author":2,"featured_media":0,"comment_status":"closed","ping_status":"open","sticky":false,"template":"","format":"standard","meta":{"footnotes":""},"categories":[4],"tags":[],"class_list":["post-349","post","type-post","status-publish","format-standard","hentry","category-konzert"],"_links":{"self":[{"href":"http:\/\/kuenstlerhof-schreyahn.de\/index.php?rest_route=\/wp\/v2\/posts\/349","targetHints":{"allow":["GET"]}}],"collection":[{"href":"http:\/\/kuenstlerhof-schreyahn.de\/index.php?rest_route=\/wp\/v2\/posts"}],"about":[{"href":"http:\/\/kuenstlerhof-schreyahn.de\/index.php?rest_route=\/wp\/v2\/types\/post"}],"author":[{"embeddable":true,"href":"http:\/\/kuenstlerhof-schreyahn.de\/index.php?rest_route=\/wp\/v2\/users\/2"}],"replies":[{"embeddable":true,"href":"http:\/\/kuenstlerhof-schreyahn.de\/index.php?rest_route=%2Fwp%2Fv2%2Fcomments&post=349"}],"version-history":[{"count":3,"href":"http:\/\/kuenstlerhof-schreyahn.de\/index.php?rest_route=\/wp\/v2\/posts\/349\/revisions"}],"predecessor-version":[{"id":1796,"href":"http:\/\/kuenstlerhof-schreyahn.de\/index.php?rest_route=\/wp\/v2\/posts\/349\/revisions\/1796"}],"wp:attachment":[{"href":"http:\/\/kuenstlerhof-schreyahn.de\/index.php?rest_route=%2Fwp%2Fv2%2Fmedia&parent=349"}],"wp:term":[{"taxonomy":"category","embeddable":true,"href":"http:\/\/kuenstlerhof-schreyahn.de\/index.php?rest_route=%2Fwp%2Fv2%2Fcategories&post=349"},{"taxonomy":"post_tag","embeddable":true,"href":"http:\/\/kuenstlerhof-schreyahn.de\/index.php?rest_route=%2Fwp%2Fv2%2Ftags&post=349"}],"curies":[{"name":"wp","href":"https:\/\/api.w.org\/{rel}","templated":true}]}}