{"id":390,"date":"2017-01-06T11:55:30","date_gmt":"2017-01-06T11:55:30","guid":{"rendered":"http:\/\/kuenstlerhof-schreyahn.de\/?p=390"},"modified":"2026-04-20T06:41:15","modified_gmt":"2026-04-20T06:41:15","slug":"pegasus-in-gorleben-literatur-und-dichtung-zum-atomaren-konflikt","status":"publish","type":"post","link":"http:\/\/kuenstlerhof-schreyahn.de\/?p=390","title":{"rendered":"\u201ePegasus in Gorleben \u2013 Literatur und Dichtung zum atomaren Konflikt\u201c"},"content":{"rendered":"<p><strong>Sonntag, den 26. Februar, 17 Uhr, Gro\u00dfe Diele im K\u00fcnstlerhof<\/strong><\/p>\n<p>Das gefl\u00fcgelte Pferd, seit der Antike Sinnbild f\u00fcr die freie Dichtung, gibt den Namen f\u00fcr eine Lesung im K\u00fcnstlerhof Schreyahn mit literarischen Texten zum jahrzehntelangen Konflikt um atomaren M\u00fcll in Gorleben und anderswo.<\/p>\n<p>Im Rahmen der Veranstaltungen zum 40. Gr\u00fcndungsjubil\u00e4um der BI werden Schriftsteller und Schauspieler in Erinnerung rufen, was die Dichter und die Dichtung im hei\u00dfen Kampf um das Atom zu sagen wussten: Der Autor Andreas Maier wird seinen schon fast legend\u00e4ren ZEIT-Artikel \u201eDie Legende vom Salzstock\u201c lebendig werden lassen und seine Wanderung im Elbholz aus \u201eBullau\u201c schildern. Der Schauspieler Wolfgang Kaven liest die fr\u00fchen Tageb\u00fccher von Hans Christoph Buch sowie Gedichte und Widerstands-Reden Nicolas Borns. Wolf Biermanns \u201eGorleben-Lied\u201c geh\u00f6rt ebenso dazu wie die von Ingrid Birkholz vorgetragenen Reflexionen von Christa Wolf, Dorothee S\u00f6lle und Marie Luise Kaschnitz: Kein idyllischer R\u00fcckblick, kein Poesiealbum, sondern engagierte Literatur, begleitend, zweifelnd, mahnend, anspornend, vorausschauend. Die Moderation hat Axel Kahrs. Der Eintritt ist frei, der Erkenntnisgewinn sicher.<\/p>\n","protected":false},"excerpt":{"rendered":"<p>Sonntag, den 26. Februar, 17 Uhr, Gro\u00dfe Diele im K\u00fcnstlerhof Das gefl\u00fcgelte Pferd, seit der Antike Sinnbild f\u00fcr die freie Dichtung, gibt den Namen f\u00fcr eine Lesung im K\u00fcnstlerhof Schreyahn mit literarischen Texten zum jahrzehntelangen Konflikt um atomaren M\u00fcll in Gorleben und anderswo. Im Rahmen der Veranstaltungen zum 40. Gr\u00fcndungsjubil\u00e4um der BI werden Schriftsteller und [&hellip;]<\/p>\n","protected":false},"author":2,"featured_media":0,"comment_status":"closed","ping_status":"open","sticky":false,"template":"","format":"standard","meta":{"footnotes":""},"categories":[3,5,38],"tags":[],"class_list":["post-390","post","type-post","status-publish","format-standard","hentry","category-lesung","category-theater","category-vortrag"],"_links":{"self":[{"href":"http:\/\/kuenstlerhof-schreyahn.de\/index.php?rest_route=\/wp\/v2\/posts\/390","targetHints":{"allow":["GET"]}}],"collection":[{"href":"http:\/\/kuenstlerhof-schreyahn.de\/index.php?rest_route=\/wp\/v2\/posts"}],"about":[{"href":"http:\/\/kuenstlerhof-schreyahn.de\/index.php?rest_route=\/wp\/v2\/types\/post"}],"author":[{"embeddable":true,"href":"http:\/\/kuenstlerhof-schreyahn.de\/index.php?rest_route=\/wp\/v2\/users\/2"}],"replies":[{"embeddable":true,"href":"http:\/\/kuenstlerhof-schreyahn.de\/index.php?rest_route=%2Fwp%2Fv2%2Fcomments&post=390"}],"version-history":[{"count":1,"href":"http:\/\/kuenstlerhof-schreyahn.de\/index.php?rest_route=\/wp\/v2\/posts\/390\/revisions"}],"predecessor-version":[{"id":391,"href":"http:\/\/kuenstlerhof-schreyahn.de\/index.php?rest_route=\/wp\/v2\/posts\/390\/revisions\/391"}],"wp:attachment":[{"href":"http:\/\/kuenstlerhof-schreyahn.de\/index.php?rest_route=%2Fwp%2Fv2%2Fmedia&parent=390"}],"wp:term":[{"taxonomy":"category","embeddable":true,"href":"http:\/\/kuenstlerhof-schreyahn.de\/index.php?rest_route=%2Fwp%2Fv2%2Fcategories&post=390"},{"taxonomy":"post_tag","embeddable":true,"href":"http:\/\/kuenstlerhof-schreyahn.de\/index.php?rest_route=%2Fwp%2Fv2%2Ftags&post=390"}],"curies":[{"name":"wp","href":"https:\/\/api.w.org\/{rel}","templated":true}]}}