{"id":707,"date":"2019-06-25T10:32:44","date_gmt":"2019-06-25T10:32:44","guid":{"rendered":"http:\/\/kuenstlerhof-schreyahn.de\/?p=707"},"modified":"2026-04-20T07:06:07","modified_gmt":"2026-04-20T07:06:07","slug":"10-09-2019-stimmen-des-widerstands","status":"publish","type":"post","link":"http:\/\/kuenstlerhof-schreyahn.de\/?p=707","title":{"rendered":"10.09.2019 Stimmen des Widerstands"},"content":{"rendered":"\n<h3 class=\"wp-block-heading\">Das Literaturfest Niedersachsen bringt die Veranstaltung \u201eStimmen des Widerstands\u201c ins Wendland: <\/h3>\n\n\n\n<h4 class=\"wp-block-heading\">mit Heikko Deutschmann, Julia Hansen, Stephan Meier, Markus Schwind<\/h4>\n\n\n\n<p> Auf dem K\u00fcnstlerhof Schreyahn lesen am 10. September Schauspielerin Julia Hansen und TV-Star Heikko Deutschmann kraftvolle Texte \u00fcber Figuren der Weltgeschichte, die sich mit Mut und Leidenschaft f\u00fcr ihre Ideale und eine bessere Gesellschaft einsetzten.<br> Von der franz\u00f6sischen Revolution \u00fcber die Anti-Apartheid-Bewegung bis heute sind Freiheitsk\u00e4mpfer, Protestf\u00fchrer und B\u00fcrgerrechtler immer wieder bereit, alles zu tun, zur Not auch ihr Leben einzusetzen, um den Gang der Geschichte zu ver\u00e4ndern und \u2013 so wie Martin Luther King \u2013 auch andere mit ihrer Vision von einer besseren, gerechteren Welt zu bewegen.<br><\/p>\n\n\n\n<p>Julia Hansen und Heikko Deutschmann pr\u00e4sentieren mit viel Temperament eine von Christiane Freudenstein zusammengef\u00fcgte Textcollage \u00fcber solche entschlossenen Vork\u00e4mpfer. Die dazu von Stephan Meier komponierten St\u00fccke, aufgef\u00fchrt von Trompeter Markus Schwind und Fl\u00f6tistin Brigitte Sauer, machen die literarischen Protestrufe auch musikalisch erfahrbar.<\/p>\n\n\n\n<p><strong>Di 10.09., 19:30 Uhr, Wustrow (Wendland), K\u00fcnstlerhof Schreyahn<\/strong><\/p>\n\n\n\n<p><strong>KARTENVORVERKAUF<\/strong><\/p>\n\n\n\n<p>www.literaturfest-niedersachsen.de<br><strong>Hotline <\/strong>0800 456 65 40 (Kostenfrei aus dem Deutschen Festnetz)<br> <strong>Karten vor Ort:<\/strong><br> <strong>Elbe Jeetzel Zeitung   <\/strong>Wallstra\u00dfe 22-24  29439 L\u00fcchow  Tel: 05841 1270<br> <strong>Pfaff am Markt  <\/strong>Lange Str. 20  29439 L\u00fcchow  Tel: 05841 5758<br> <strong>Tourist-Information Gartow <\/strong>Springstra\u00dfe 14 29471 Gartow Tel: 05846 333<\/p>\n\n\n\n<p><strong>Eintrittspreis:<br> 18 \u2013 22 \u20ac<\/strong><\/p>\n\n\n\n<p><br>Vom 5. bis 22. September 2019 l\u00e4dt das Literaturfest Niedersachsen in seinem vierzehnten Jahr zu zahlreichen inspirierenden Veranstaltungen zum Thema \u201eMut\u201c ein: Unter anderem geben sechs junge Autorinnen und Autoren bei einem Wandelkonzert auf dem Hermannshof in V\u00f6lksen Einblicke in ihre Romane \u00fcber Mut und Selbstbestimmung, eine szenische<br>Lesung in Sulingen nimmt die sich aufopfernde Jungfrau von Orl\u00e9ans in den Fokus, eine \u201eBlackbox\u201c in Hannover erfordert von ihren Besuchern Mut zur L\u00fccke und bei \u201eUnsere Stadt liest ein Buch\u201c drehen sich zahlreiche Veranstaltungen rund um Feridun Zaimoglus Roman \u201eDie Geschichte der Frau\u201c sowie um mutige Frauen der Gegenwart.<br><\/p>\n\n\n\n<p>F\u00fcr die unterschiedlichen Literaturveranstaltungen an besonderen Orten wie dem Weser-Stadion, dem Conversationshaus auf Norderney oder dem Flugzeughangar des Marinefliegerst\u00fctzpunktes Norzdholz konnte Festivalintendantin Susanne Mamzed viele bekannte K\u00fcnstlerinnen und K\u00fcnstler gewinnen: Darunter Schauspieler wie Jens Harzer, Florian Lukas, Boris Aljinovic oder Michelle Barthel, Autoren wie Raoul Schrott, Karen Duve, Feridun Zaimoglu, Juan S. Guse sowie zahlreiche weitere Schriftsteller, Journalisten, Schauspieler und Musiker.<br><\/p>\n\n\n\n<p>Das Literaturfest Niedersachen wird von der VGH-Stiftung in Zusammenarbeit mit den VGH Regionaldirektionen undMitveranstaltern vor Ort veranstaltet. NDR Kultur begleitet das Literaturfest Niedersachsen als Kulturpartner.<\/p>\n","protected":false},"excerpt":{"rendered":"<p>Das Literaturfest Niedersachsen bringt die Veranstaltung \u201eStimmen des Widerstands\u201c ins Wendland: mit Heikko Deutschmann, Julia Hansen, Stephan Meier, Markus Schwind Auf dem K\u00fcnstlerhof Schreyahn lesen am 10. September Schauspielerin Julia Hansen und TV-Star Heikko Deutschmann kraftvolle Texte \u00fcber Figuren der Weltgeschichte, die sich mit Mut und Leidenschaft f\u00fcr ihre Ideale und eine bessere Gesellschaft einsetzten. [&hellip;]<\/p>\n","protected":false},"author":4,"featured_media":0,"comment_status":"closed","ping_status":"open","sticky":false,"template":"","format":"standard","meta":{"footnotes":""},"categories":[4,3],"tags":[],"class_list":["post-707","post","type-post","status-publish","format-standard","hentry","category-konzert","category-lesung"],"_links":{"self":[{"href":"http:\/\/kuenstlerhof-schreyahn.de\/index.php?rest_route=\/wp\/v2\/posts\/707","targetHints":{"allow":["GET"]}}],"collection":[{"href":"http:\/\/kuenstlerhof-schreyahn.de\/index.php?rest_route=\/wp\/v2\/posts"}],"about":[{"href":"http:\/\/kuenstlerhof-schreyahn.de\/index.php?rest_route=\/wp\/v2\/types\/post"}],"author":[{"embeddable":true,"href":"http:\/\/kuenstlerhof-schreyahn.de\/index.php?rest_route=\/wp\/v2\/users\/4"}],"replies":[{"embeddable":true,"href":"http:\/\/kuenstlerhof-schreyahn.de\/index.php?rest_route=%2Fwp%2Fv2%2Fcomments&post=707"}],"version-history":[{"count":4,"href":"http:\/\/kuenstlerhof-schreyahn.de\/index.php?rest_route=\/wp\/v2\/posts\/707\/revisions"}],"predecessor-version":[{"id":1825,"href":"http:\/\/kuenstlerhof-schreyahn.de\/index.php?rest_route=\/wp\/v2\/posts\/707\/revisions\/1825"}],"wp:attachment":[{"href":"http:\/\/kuenstlerhof-schreyahn.de\/index.php?rest_route=%2Fwp%2Fv2%2Fmedia&parent=707"}],"wp:term":[{"taxonomy":"category","embeddable":true,"href":"http:\/\/kuenstlerhof-schreyahn.de\/index.php?rest_route=%2Fwp%2Fv2%2Fcategories&post=707"},{"taxonomy":"post_tag","embeddable":true,"href":"http:\/\/kuenstlerhof-schreyahn.de\/index.php?rest_route=%2Fwp%2Fv2%2Ftags&post=707"}],"curies":[{"name":"wp","href":"https:\/\/api.w.org\/{rel}","templated":true}]}}