{"id":792,"date":"2020-07-20T09:38:10","date_gmt":"2020-07-20T09:38:10","guid":{"rendered":"http:\/\/kuenstlerhof-schreyahn.de\/?p=792"},"modified":"2026-04-20T07:08:44","modified_gmt":"2026-04-20T07:08:44","slug":"31-07-2020-um-19-30-lesung-mit-jan-peter-bremer","status":"publish","type":"post","link":"http:\/\/kuenstlerhof-schreyahn.de\/?p=792","title":{"rendered":"AUSVERKAUFT  31.07.2020 um 19.30 Lesung mit Jan Peter Bremer"},"content":{"rendered":"\n<p>Gastveranstaltung der Reihe <strong>Zusammenleben: Wurzeln und\nWandel <\/strong><\/p>\n\n\n\n<p><strong>Jan Peter Bremer liest aus \u201eDer junge Doktorand\u201c<\/strong> Berlin Verlag 2019<\/p>\n\n\n\n<p>Nach \u201eDer amerikanische Investor\u201c gelingt dem vielfach preisgekr\u00f6nten und in G\u00fcmse aufgewachsene Autor Jan Peter Bremer eine wunderbare Gesellschaftsparabel \u00fcber unser allgegenw\u00e4rtiges Bed\u00fcrfnis <em>gesehen <\/em>zu werden. Zwei Jahre schon warten die Greilachs mit an Verzweiflung grenzender Vorfreude auf die Ankunft eines jungen Doktoranden in ihrer abgelegenen M\u00fchle auf dem Land. Er soll dem alternden Maler G\u00fcnter Greilach zu neuem Ruhm verhelfen. F\u00fcr seine Frau Natascha dagegen wird er zum Lichtblick ihrer Alltagsroutine. Doch als der junge Mann nach mehreren Absagen pl\u00f6tzlich doch vor ihrer T\u00fcr steht, kommt alles anders als selbst in wildesten Tr\u00e4umen ausgemalt.<\/p>\n\n\n\n<p> <strong>Freitag, den 31. Juli 2020 um 19:30 Uhr im Garten<\/strong> <\/p>\n\n\n\n<p>Eintritt: F\u00fcr Jugendliche kostenfrei \/ Erwachsene: 8,00 Euro\n\/ 4,00 Euro erm\u00e4\u00dfigt<\/p>\n\n\n\n<p>Mit B\u00fcchertisch <\/p>\n\n\n\n<p><strong>Einlass ab 19:00 Uhr &nbsp;&#8211; Wir bitten um Einhaltung der Hygieneregeln<\/strong><\/p>\n\n\n\n<p>Voranmeldung erforderlich. Diese kann auf Homepage des\nKulturvereins Platenlaase e.V., per E-Mail an kultur@platenlaase.de oder\ntelefonisch unter 0175 \u2013 52 70 777 (auch AB) vorgenommen werden. Ihre\nKontaktdaten m\u00fcssen aufgenommen werden.<\/p>\n\n\n\n<p>Konzept, Projektleitung und Moderation: Britta Gansebohm <\/p>\n\n\n\n<p>Veranstalter: Kulturverein Platenlaase e.V. in Kooperation\nmit dem K\u00fcnstlerhof Schreyahn<\/p>\n\n\n\n<p>Gef\u00f6rdert von der Beauftragten der Bundesregierung f\u00fcr\nKultur und Medien, dem Landkreis L\u00fcchow-Dannenberg, der Samtgemeinde L\u00fcchow, dem\nRotary Club L\u00fcchow-Dannenberg und Voelkel Naturkosts\u00e4fte GmbH<\/p>\n","protected":false},"excerpt":{"rendered":"<p>C Andreas Hornoff<\/p>\n","protected":false},"author":4,"featured_media":0,"comment_status":"closed","ping_status":"open","sticky":false,"template":"","format":"standard","meta":{"footnotes":""},"categories":[3],"tags":[],"class_list":["post-792","post","type-post","status-publish","format-standard","hentry","category-lesung"],"_links":{"self":[{"href":"http:\/\/kuenstlerhof-schreyahn.de\/index.php?rest_route=\/wp\/v2\/posts\/792","targetHints":{"allow":["GET"]}}],"collection":[{"href":"http:\/\/kuenstlerhof-schreyahn.de\/index.php?rest_route=\/wp\/v2\/posts"}],"about":[{"href":"http:\/\/kuenstlerhof-schreyahn.de\/index.php?rest_route=\/wp\/v2\/types\/post"}],"author":[{"embeddable":true,"href":"http:\/\/kuenstlerhof-schreyahn.de\/index.php?rest_route=\/wp\/v2\/users\/4"}],"replies":[{"embeddable":true,"href":"http:\/\/kuenstlerhof-schreyahn.de\/index.php?rest_route=%2Fwp%2Fv2%2Fcomments&post=792"}],"version-history":[{"count":5,"href":"http:\/\/kuenstlerhof-schreyahn.de\/index.php?rest_route=\/wp\/v2\/posts\/792\/revisions"}],"predecessor-version":[{"id":1826,"href":"http:\/\/kuenstlerhof-schreyahn.de\/index.php?rest_route=\/wp\/v2\/posts\/792\/revisions\/1826"}],"wp:attachment":[{"href":"http:\/\/kuenstlerhof-schreyahn.de\/index.php?rest_route=%2Fwp%2Fv2%2Fmedia&parent=792"}],"wp:term":[{"taxonomy":"category","embeddable":true,"href":"http:\/\/kuenstlerhof-schreyahn.de\/index.php?rest_route=%2Fwp%2Fv2%2Fcategories&post=792"},{"taxonomy":"post_tag","embeddable":true,"href":"http:\/\/kuenstlerhof-schreyahn.de\/index.php?rest_route=%2Fwp%2Fv2%2Ftags&post=792"}],"curies":[{"name":"wp","href":"https:\/\/api.w.org\/{rel}","templated":true}]}}