{"id":483,"date":"2017-08-19T08:49:36","date_gmt":"2017-08-19T08:49:36","guid":{"rendered":"http:\/\/kuenstlerhof-schreyahn.de\/?p=483"},"modified":"2026-04-20T06:39:26","modified_gmt":"2026-04-20T06:39:26","slug":"__trashed","status":"publish","type":"post","link":"https:\/\/kuenstlerhof-schreyahn.de\/?p=483","title":{"rendered":"Buchpr\u00e4sentation \u201eUnter Freunden &#8211; Nicolas Born: Leben, Werk und Wirkung\u201c"},"content":{"rendered":"<p>Buchpremiere im K\u00fcnstlerhof: Das demn\u00e4chst im Wallstein Verlag (G\u00f6ttingen) erscheinende Buch \u201e<em>Unter Freunden<\/em> \u2013 Nicolas Born: Leben, Werk und Wirkung\u201c wird einen Tag nach der Verleihung des nieders\u00e4chsischen Nicolas Born-Preises im K\u00fcnstlerhof Schreyahn der \u00d6ffentlichkeit pr\u00e4sentiert.<\/p>\n<p>Diese Publikation, die von Axel Kahrs herausgegeben und vom nieders\u00e4chsischen MWK, der Born-Stiftung (L\u00fcchow) und dem Landkreis L\u00fcchow-Dannenberg gef\u00f6rdert wird, will interessierten Lesern, sowohl Einsteigern als auch Kennern, ein differenziertes und vielstimmiges Bild des Schriftstellers vermitteln. Der Lebensweg und das Schaffen Nicolas Borns werden in einem einf\u00fchrenden Essay umrissen, bevor die Freunde und Weggef\u00e4hrten mit ihren Erinnerungen und W\u00fcrdigungen zu Wort kommen. Zu den zahlreichen Beitr\u00e4gern geh\u00f6ren auch Peter Handke, G\u00fcnter Grass, Martin Walser, Volker Schl\u00f6ndorff und Michael Kr\u00fcger.<\/p>\n<p>Die Freunde und G\u00e4ste des K\u00fcnstlerhofes haben nun die Gelegenheit, das neue Buch kennen zu lernen, zahlreiche Autoren haben dazu ihr Kommen angesagt:<\/p>\n<p>Der Journalist <strong>Kai Hermann<\/strong> (\u201eWir Kinder vom Bahnhof Zoo\u201c) wird sich in einem eigens f\u00fcr das Buch verfassten und bislang <strong>ungedruckten R\u00fcckblick<\/strong> an den Konflikt mit Nicolas Born erinnern, der zum Roman \u201eDie F\u00e4lschung\u201c f\u00fchrte; der Literaturwissenschaftler <strong>Joachim Kersten<\/strong> wird als Nachlassverwalter von Peter R\u00fchmkorf dessen Born gewidmetes Gedicht \u201eVorvorletztes Lied\u201c sowie einen l\u00e4ngeren, <strong>bislang unbekannten Abschiedsbrief Peter R\u00fchmkorfs<\/strong> an den todkranken Freund vortragen; der Schauspieler <strong>Wolfgang Kaven<\/strong>, der in der \u201cF\u00e4lschung\u201c mitspielte, liest nun aus den <strong>Erinnerungen Volker Schl\u00f6ndorffs<\/strong>; der B\u00fcchner-Preistr\u00e4ger <strong>Arnold Stadler<\/strong> leuchtet die weniger beachteten fr\u00fchen Jahre Borns in seinem eigens f\u00fcr das Buch verfassten Essay aus, und der Fotograf <strong>Otto Kiehn<\/strong> zeigt seine<strong> gro\u00dfformatigen Elbholzbilder<\/strong> \u2013 begleitet von Gedichtzitaten Borns.<\/p>\n<p>Moderation Axel Kahrs<\/p>\n<p><strong>Freitag, 15. September 2017, 19.30 Uhr<\/strong> mit B\u00fcchertisch.<\/p>\n","protected":false},"excerpt":{"rendered":"<p>Buchpremiere im K\u00fcnstlerhof: Das demn\u00e4chst im Wallstein Verlag (G\u00f6ttingen) erscheinende Buch \u201eUnter Freunden \u2013 Nicolas Born: Leben, Werk und Wirkung\u201c wird einen Tag nach der Verleihung des nieders\u00e4chsischen Nicolas Born-Preises im K\u00fcnstlerhof Schreyahn der \u00d6ffentlichkeit pr\u00e4sentiert. Diese Publikation, die von Axel Kahrs herausgegeben und vom nieders\u00e4chsischen MWK, der Born-Stiftung (L\u00fcchow) und dem Landkreis L\u00fcchow-Dannenberg gef\u00f6rdert [&hellip;]<\/p>\n","protected":false},"author":4,"featured_media":0,"comment_status":"closed","ping_status":"open","sticky":false,"template":"","format":"standard","meta":{"footnotes":""},"categories":[3],"tags":[19,22,41],"class_list":["post-483","post","type-post","status-publish","format-standard","hentry","category-lesung","tag-born","tag-kahrs","tag-lesung"],"_links":{"self":[{"href":"https:\/\/kuenstlerhof-schreyahn.de\/index.php?rest_route=\/wp\/v2\/posts\/483","targetHints":{"allow":["GET"]}}],"collection":[{"href":"https:\/\/kuenstlerhof-schreyahn.de\/index.php?rest_route=\/wp\/v2\/posts"}],"about":[{"href":"https:\/\/kuenstlerhof-schreyahn.de\/index.php?rest_route=\/wp\/v2\/types\/post"}],"author":[{"embeddable":true,"href":"https:\/\/kuenstlerhof-schreyahn.de\/index.php?rest_route=\/wp\/v2\/users\/4"}],"replies":[{"embeddable":true,"href":"https:\/\/kuenstlerhof-schreyahn.de\/index.php?rest_route=%2Fwp%2Fv2%2Fcomments&post=483"}],"version-history":[{"count":3,"href":"https:\/\/kuenstlerhof-schreyahn.de\/index.php?rest_route=\/wp\/v2\/posts\/483\/revisions"}],"predecessor-version":[{"id":1795,"href":"https:\/\/kuenstlerhof-schreyahn.de\/index.php?rest_route=\/wp\/v2\/posts\/483\/revisions\/1795"}],"wp:attachment":[{"href":"https:\/\/kuenstlerhof-schreyahn.de\/index.php?rest_route=%2Fwp%2Fv2%2Fmedia&parent=483"}],"wp:term":[{"taxonomy":"category","embeddable":true,"href":"https:\/\/kuenstlerhof-schreyahn.de\/index.php?rest_route=%2Fwp%2Fv2%2Fcategories&post=483"},{"taxonomy":"post_tag","embeddable":true,"href":"https:\/\/kuenstlerhof-schreyahn.de\/index.php?rest_route=%2Fwp%2Fv2%2Ftags&post=483"}],"curies":[{"name":"wp","href":"https:\/\/api.w.org\/{rel}","templated":true}]}}